{"id":11090,"date":"2020-04-10T11:30:39","date_gmt":"2020-04-10T09:30:39","guid":{"rendered":"https:\/\/www.agence-bradford.com\/inside-shopper\/?p=11090"},"modified":"2025-11-05T11:22:30","modified_gmt":"2025-11-05T10:22:30","slug":"entretien-avec-olivier-dauvers-pour-parler-du-monde-dapres","status":"publish","type":"post","link":"https:\/\/www.agence-bradford.com\/inside-shopper\/entretien-avec-olivier-dauvers-pour-parler-du-monde-dapres\/","title":{"rendered":"Entretien avec Olivier Dauvers, journaliste, expert en retail et fondateur du site \u00ab\u00a0Le Web Grande Conso\u00a0\u00bb pour parler du monde d&rsquo;apr\u00e8s"},"content":{"rendered":"<p><strong>Entretien avec Olivier Dauvers, journaliste, expert en retail et fondateur du site Le Web Grande Conso. <\/strong><\/p>\n<p>Tr\u00e8s sollicit\u00e9 par les m\u00e9dias pour son expertise et sa connaissance du monde de la distribution, Olivier Dauvers a bien voulu partager avec nous sa vision du moment\u2026 Et du monde de demain !<\/p>\n<h2 id=\"quest-ce-qui-pour-linstant-vous-a-marque-dans-cette-periode-une-belle-histoire-une-enseigne-une-personnalite\"><b>Qu\u2019est ce qui pour l\u2019instant, vous a marqu\u00e9 dans cette p\u00e9riode ? Une belle histoire ? Une enseigne ? Une personnalit\u00e9 ?<\/b><\/h2>\n<p>Ce qui me marque, c\u2019est le sans faute en communication d\u2019Intermarch\u00e9,\u00a0 c\u2019est l\u2019enseigne qui fait le mieux le job parce qu\u2019elle est \u00e0 la fois sur l\u2019amont et vers l\u2019aval. Elle ne communique pas de fa\u00e7on incarn\u00e9e comme par exemple\u00a0 Dominique Schelcher pour Syst\u00e8me U. Intermarch\u00e9 prend beaucoup la parole, vers le monde agricole avec la promesse de ventes \u00e0 prix co\u00fbtants, vers l\u2019aval quand elle prend l\u2019engagement de prix bloqu\u00e9s sur 10 000 produits, en allant plus loin que les MDD, plus loin que ses concurrents sur le sujet des marques nationales \u00e0 prix bloqu\u00e9s.<\/p>\n<p>L\u2019enseigne s\u2019engage plus massivement que les autres, sans incantation, avec de vrais actes. Ma belle histoire du moment , c\u2019est donc comment Intermarch\u00e9 est en train de prendre le lead des enseignes de distribution en mati\u00e8re de communication<\/p>\n<h2 id=\"quelles-sont-les-initiatives-de-marques-ou-denseignes-qui-vous-ont-interpelle\"><b>Quelles sont les initiatives de marques ou d\u2019enseignes qui vous ont interpell\u00e9 ?<\/b><\/h2>\n<p>J\u2019ai \u00e9t\u00e9 frapp\u00e9 par la vitesse avec laquelle les vitres de plexi ont \u00e9t\u00e9 d\u00e9ploy\u00e9es dans les magasins. Si on se remet dans le contexte, la crise nous est tomb\u00e9e dessus de mani\u00e8re ultra-violente. Il y a en France,\u00a0 2500 hypers et 7000 supermarch\u00e9s qu\u2019il fallait \u00e9quiper en peu de temps. J\u2019ai \u00e9t\u00e9 frapp\u00e9 de constater qu\u2019en une semaine, 75% des magasins \u00e9taient \u00e9quip\u00e9s de ces vitres en plexi pour les caisses. Ok, on peut dire que \u00e7a ne prot\u00e8ge pas compl\u00e8tement les h\u00f4tesses de caisse, qu\u2019il manque de gants, de masques, mais je trouve que d\u2019avoir r\u00e9ussi ce taux d\u2019\u00e9quipement en 1 semaine, \u00e7a me semble quelque chose de notable, \u00e7a m\u2019a vraiment frapp\u00e9.<\/p>\n<h2 id=\"avez-vous-note-des-changements-qui-seront-potentiellement-perennises\"><b>Avez-vous not\u00e9 des changements qui seront potentiellement p\u00e9rennis\u00e9s ?<\/b><\/h2>\n<p>Par principe, tous les mouvements d\u00e9clench\u00e9s par la contrainte ne sont pas rest\u00e9s l\u00e0 o\u00f9 la contrainte les a men\u00e9, \u00e7a s\u2019appelle Archim\u00e8de, \u00e7a s\u2019appelle l\u2019\u00e9lastique\u2026 \u00e7a ne reste jamais au niveau de tension o\u00f9 le niveau de contrainte vous a conduit.\u00a0 Il ne faut pas r\u00eaver, il n\u2019y aura pas du tout de mouvement d\u2019une violence comparable \u00e0 ce que l\u2019on a connu pendant la crise. Par contre il reste toujours quelque chose d\u2019un mouvement. Au moins une inertie, c \u2018est de la physique de base. Appliqu\u00e9 au commerce, la majorit\u00e9 des consommateurs qui ont d\u00e9couvert le drive retourneront en magasin, mais si la part de ceux qui restent n\u2019est que de 20% ou 30%, soit une minorit\u00e9 , malgr\u00e9 tout, \u00e7a aura fait un appel d\u2019air \u00e9norme pour recruter de nouveaux clients. Le drive sortira de la crise beaucoup plus fort.<\/p>\n<p><b>De mani\u00e8re plus symbolique, l\u2019habitude d\u2019usage du paiement sans contact n\u2019avait pas \u00e9t\u00e9\u00a0 r\u00e9ellement prise en France. L\u00e0 \u00e7a change, on se rend compte que c\u2019est pratique, \u00e7a peut faire partie des petits gestes qui vont avoir un prolongement dans un avenir proche.<\/b><\/p>\n<div class=\"pk-content-block pk-block-border-all pk-callout\">il n\u2019y a plus de fraises espagnoles sur le march\u00e9, on a de la fraise fran\u00e7aise, m\u00e9caniquement c\u2019est 2 fois plus cher.<\/div>\n<p>Sinon, je ne vois pas de changements. Il y a une pol\u00e9mique en ce moment dans la presse grand public, l\u2019inflation des prix des fruits et l\u00e9gumes. C\u2019est int\u00e9ressant. Oui il y a une inflation des prix\u2026 mais parce qu\u2019on a chang\u00e9 de fruits et l\u00e9gumes ! Un exemple, il n\u2019y a plus de fraises espagnoles sur le march\u00e9, on a de la fraise fran\u00e7aise, m\u00e9caniquement c\u2019est 2 fois plus cher. Ce n\u2019est pas de l\u2019inflation, c\u2019est un changement de produit ! Quand on voit l\u2019\u00e9motion autour de cette hausse des prix c\u2019est totalement antinomique avec ce que l\u2019on lit, depuis des ann\u00e9es,\u00a0 sur le consommateur fran\u00e7ais qui serait pr\u00eat \u00e0 payer plus cher pour des produits d\u2019origine fran\u00e7aise\u2026 Bah non, pas tant que \u00e7a quand m\u00eame ! Cela veut dire que le consommateur, quand il est confront\u00e9 \u00e0 une augmentation de prix, est incapable de l\u2019analyser comme une augmentation normale parce la bascule de prix s\u2019\u00e9tale d\u2019ordinaire sur une p\u00e9riode de 3 semaines, donc tu ne t\u2019en rends pas compte et que l\u00e0, elle s\u2019est op\u00e9r\u00e9e du jour au lendemain. Cela prouve bien qu\u2019il faut regarder avec distance ce que le consommateur dit\u2026 Et plut\u00f4t regarder ce qu\u2019il fait !<\/p>\n<div id='gallery-1' class='gallery galleryid-11090 gallery-type-justified gallery-size-medium '  data-jg-margins=\"10\" data-jg-row-height=\"275\" data-jg-max-row-height=\"-1\" data-jg-last-row=\"justify\"><figure class='gallery-item'><a href='https:\/\/www.agence-bradford.com\/inside-shopper\/entretien-avec-olivier-dauvers-pour-parler-du-monde-dapres\/consommateur-francais\/'><img loading=\"lazy\" decoding=\"async\" width=\"667\" height=\"500\" src=\"https:\/\/www.agence-bradford.com\/inside-shopper\/wp-content\/uploads\/2020\/04\/consommateur-francais-80x60.jpeg\" class=\"attachment-medium size-medium pk-lqip pk-lazyload\" alt=\"\" data-gallery=\"justified\" data-pk-sizes=\"auto\" data-ls-sizes=\"(max-width: 667px) 100vw, 667px\" data-pk-src=\"https:\/\/www.agence-bradford.com\/inside-shopper\/wp-content\/uploads\/2020\/04\/consommateur-francais.jpeg\" data-pk-srcset=\"https:\/\/www.agence-bradford.com\/inside-shopper\/wp-content\/uploads\/2020\/04\/consommateur-francais.jpeg 667w, https:\/\/www.agence-bradford.com\/inside-shopper\/wp-content\/uploads\/2020\/04\/consommateur-francais-160x120.jpeg 160w, https:\/\/www.agence-bradford.com\/inside-shopper\/wp-content\/uploads\/2020\/04\/consommateur-francais-300x225.jpeg 300w, https:\/\/www.agence-bradford.com\/inside-shopper\/wp-content\/uploads\/2020\/04\/consommateur-francais-320x240.jpeg 320w, https:\/\/www.agence-bradford.com\/inside-shopper\/wp-content\/uploads\/2020\/04\/consommateur-francais-560x420.jpeg 560w, https:\/\/www.agence-bradford.com\/inside-shopper\/wp-content\/uploads\/2020\/04\/consommateur-francais-80x60.jpeg 80w, https:\/\/www.agence-bradford.com\/inside-shopper\/wp-content\/uploads\/2020\/04\/consommateur-francais-600x450.jpeg 600w, https:\/\/www.agence-bradford.com\/inside-shopper\/wp-content\/uploads\/2020\/04\/consommateur-francais-640x480.jpeg 640w\" \/><\/a><\/figure><figure class='gallery-item'><a href='https:\/\/www.agence-bradford.com\/inside-shopper\/entretien-avec-olivier-dauvers-pour-parler-du-monde-dapres\/consommateurs-retail\/'><img loading=\"lazy\" decoding=\"async\" width=\"500\" height=\"500\" src=\"https:\/\/www.agence-bradford.com\/inside-shopper\/wp-content\/uploads\/2020\/04\/consommateurs-retail-80x80.jpeg\" class=\"attachment-medium size-medium pk-lqip pk-lazyload\" alt=\"\" data-gallery=\"justified\" data-pk-sizes=\"auto\" data-ls-sizes=\"(max-width: 500px) 100vw, 500px\" data-pk-src=\"https:\/\/www.agence-bradford.com\/inside-shopper\/wp-content\/uploads\/2020\/04\/consommateurs-retail.jpeg\" data-pk-srcset=\"https:\/\/www.agence-bradford.com\/inside-shopper\/wp-content\/uploads\/2020\/04\/consommateurs-retail.jpeg 500w, https:\/\/www.agence-bradford.com\/inside-shopper\/wp-content\/uploads\/2020\/04\/consommateurs-retail-80x80.jpeg 80w, https:\/\/www.agence-bradford.com\/inside-shopper\/wp-content\/uploads\/2020\/04\/consommateurs-retail-320x320.jpeg 320w, https:\/\/www.agence-bradford.com\/inside-shopper\/wp-content\/uploads\/2020\/04\/consommateurs-retail-90x90.jpeg 90w, https:\/\/www.agence-bradford.com\/inside-shopper\/wp-content\/uploads\/2020\/04\/consommateurs-retail-160x160.jpeg 160w, https:\/\/www.agence-bradford.com\/inside-shopper\/wp-content\/uploads\/2020\/04\/consommateurs-retail-180x180.jpeg 180w\" \/><\/a><\/figure><\/div>\n<h2 id=\"peut-on-deja-imaginer-limpact-de-cette-crise-sur-les-modeles-economiques-de-la-distribution\"><b>Peut-on d\u00e9j\u00e0 imaginer l\u2019impact de cette crise sur les mod\u00e8les \u00e9conomiques de la distribution ?\u00a0<\/b><\/h2>\n<p>Je pense qu\u2019il y a beaucoup d\u2019enseignes qui vont souffrir \u00e9conomiquement et que ce qui va les faire vaciller \u00e0 tr\u00e8s court terme, c\u2019est leur compte d\u2019exploitation. On n\u2019imagine m\u00eame pas la douleur que vont devoir encaisser les hypers. D\u2019abord parce que la baisse de trafic est colossale en hyper, parce que par principe l\u2019hyper, il est loin. Mais surtout parce qu\u2019il est victime d\u2019un recul catastrophique du non-alimentaire, bien plus \u00e9videmment, que le supers\u2026 D\u00e9j\u00e0 que le mod\u00e8le hyper n\u2019allait pas bien avant le crise\u2026 Connaissant la rentabilit\u00e9 des hypers, je me demande\u00a0 comment ils vont pouvoir boucler leurs comptes d\u2019exploitation en 2020 !<\/p>\n<p>A l\u2019inverse cela va conforter quelques dynamiques\u2026 Actuellement Intermarch\u00e9 gagne 1% de part de march\u00e9 par semaine, c\u2019est du jamais vu ! Intermarch\u00e9 poss\u00e8de la meilleure combinaison image\/prix et proximit\u00e9. C\u2019est lui qui va sortir gagnant, Systeme U sortira aussi gagnant, Leclerc un peu moins parce qu\u2019ils ont des hypers.<\/p>\n<p>En fait, les tendances que l\u2019on suit depuis quelques temps vont \u00eatre compl\u00e8tement exacerb\u00e9es par la crise. Pour les Auchan, Carrefour ou Cora \u00e7a va \u00eatre dur\u2026 Mais aussi pour les enseignes de proximit\u00e9 parisiennes, 15% des parisiens ont quitt\u00e9 la capitale, plus de touristes \u00e7a compte !<\/p>\n<h2 id=\"un-message-a-faire-passer\"><b>Un message \u00e0 faire passer ?<\/b><\/h2>\n<div class=\"pk-content-block pk-block-border-all pk-callout\">Il faut assumer et ne pas raconter au consommateur une autre histoire que celle qu\u2019il vit, qu\u2019il voit. On lui dit qu\u2019il n\u2019y a pas de p\u00e9nurie, c\u2019est faux et il le voit quand il parcourt des rayons vides.<\/div>\n<div id='gallery-2' class='gallery galleryid-11090 gallery-type-justified gallery-size-medium '  data-jg-margins=\"10\" data-jg-row-height=\"275\" data-jg-max-row-height=\"-1\" data-jg-last-row=\"justify\"><figure class='gallery-item'><a href='https:\/\/www.agence-bradford.com\/inside-shopper\/entretien-avec-olivier-dauvers-pour-parler-du-monde-dapres\/magasin-penurie\/'><img loading=\"lazy\" decoding=\"async\" width=\"800\" height=\"346\" src=\"https:\/\/www.agence-bradford.com\/inside-shopper\/wp-content\/uploads\/2020\/04\/magasin-penurie--e1586342306975-80x35.jpeg\" class=\"attachment-medium size-medium pk-lqip pk-lazyload\" alt=\"penurie hyper\" data-gallery=\"justified\" data-pk-sizes=\"auto\" data-ls-sizes=\"(max-width: 800px) 100vw, 800px\" data-pk-src=\"https:\/\/www.agence-bradford.com\/inside-shopper\/wp-content\/uploads\/2020\/04\/magasin-penurie--e1586342306975-800x346.jpeg\" data-pk-srcset=\"https:\/\/www.agence-bradford.com\/inside-shopper\/wp-content\/uploads\/2020\/04\/magasin-penurie--e1586342306975-800x346.jpeg 800w, https:\/\/www.agence-bradford.com\/inside-shopper\/wp-content\/uploads\/2020\/04\/magasin-penurie--e1586342306975-1160x501.jpeg 1160w, https:\/\/www.agence-bradford.com\/inside-shopper\/wp-content\/uploads\/2020\/04\/magasin-penurie--e1586342306975-320x138.jpeg 320w, https:\/\/www.agence-bradford.com\/inside-shopper\/wp-content\/uploads\/2020\/04\/magasin-penurie--e1586342306975-560x242.jpeg 560w, https:\/\/www.agence-bradford.com\/inside-shopper\/wp-content\/uploads\/2020\/04\/magasin-penurie--e1586342306975-80x35.jpeg 80w, https:\/\/www.agence-bradford.com\/inside-shopper\/wp-content\/uploads\/2020\/04\/magasin-penurie--e1586342306975-640x277.jpeg 640w, https:\/\/www.agence-bradford.com\/inside-shopper\/wp-content\/uploads\/2020\/04\/magasin-penurie--e1586342306975-1120x484.jpeg 1120w, https:\/\/www.agence-bradford.com\/inside-shopper\/wp-content\/uploads\/2020\/04\/magasin-penurie--e1586342306975.jpeg 1567w\" \/><\/a><\/figure><\/div>\n<p>Un mot, plus qu\u2019un message. Ce mot, qu\u2019il faut assumer, c\u2019est \u201cd\u00e9grad\u00e9\u201d. Le commerce doit assumer le fait qu\u2019il est en mode d\u00e9grad\u00e9 et pour un bon bout de temps. Ce n\u2019est ni honteux ni grave, mais il ne faut pas faire croire au consommateur qu\u2019il n\u2019y a pas de p\u00e9nurie. Un commerce en mode d\u00e9grad\u00e9, c\u2019est moins de choix, plus de ruptures, moins de rayons ouverts, plus d\u2019attente\u2026 Et que tout cela est normal pour tenir. Il faut assumer ce mot et ne pas raconter au consommateur une autre histoire que celle qu\u2019il vit, qu\u2019il voit. On lui dit qu\u2019il n\u2019y a pas de p\u00e9nurie, c\u2019est faux et il le voit quand il parcourt des rayons vides. Il faut assumer ce mot : d\u00e9grad\u00e9 !<\/p>\n<div class=\"pk-content-block pk-block-border-all pk-block-bg pk-block-bg-light\"><strong>Vous souhaitez \u00eatre contact\u00e9 pour \u00e9changer autour de votre probl\u00e9matique de communication de marque ?\u00a0 \u00a0<a class=\"pk-button pk-button-md pk-button-primary pk-font-primary\" href=\"https:\/\/bit.ly\/39yRb8g\" target=\"_self\" >\n\t\t\t\nContactez l&rsquo;Agence Bradford<br \/>\n\n\t\t<\/a><\/strong><\/div>\n","protected":false},"excerpt":{"rendered":"<div class=\"post-excerpt\">Entretien avec Olivier Dauvers, journaliste, expert en retail et fondateur du site Le Web Grande Conso. Tr\u00e8s sollicit\u00e9 par les m\u00e9dias pour son expertise et sa connaissance du monde de&hellip;<\/div>\n","protected":false},"author":4,"featured_media":11100,"comment_status":"open","ping_status":"open","sticky":false,"template":"","format":"gallery","meta":{"_acf_changed":false,"footnotes":""},"categories":[137],"tags":[97,148,143,150,145,141,62,151,140,139,152,146,142,138,149,144,147],"powerkit_post_featured":[],"class_list":{"0":"post-11090","1":"post","2":"type-post","3":"status-publish","4":"format-gallery","5":"has-post-thumbnail","7":"category-le-monde-d-apres","8":"tag-auchan","9":"tag-caisses","10":"tag-carrefour","11":"tag-changement","12":"tag-commerce","13":"tag-confinement","14":"tag-consommateurs","15":"tag-consommation","16":"tag-covid19","17":"tag-crise","18":"tag-gsa","19":"tag-hyper","20":"tag-intermarche","21":"tag-olivier-dauvers","22":"tag-plexi","23":"tag-prix","24":"tag-rayons","25":"post_format-post-format-gallery"},"acf":[],"yoast_head":"<!-- This site is optimized with the Yoast SEO plugin v27.5 - https:\/\/yoast.com\/product\/yoast-seo-wordpress\/ -->\n<title>Entretien avec Olivier Dauvers, journaliste, expert en retail et fondateur du site &quot;Le Web Grande Conso&quot; pour parler du monde d&#039;apr\u00e8s - inside-shopper<\/title>\n<meta name=\"description\" content=\"Interview d&#039;Olivier Dauvers sur sa vision de la crise et de l&#039;apr\u00e8s crise dans le retail.\" \/>\n<meta name=\"robots\" content=\"index, follow, max-snippet:-1, max-image-preview:large, max-video-preview:-1\" \/>\n<link rel=\"canonical\" href=\"https:\/\/www.agence-bradford.com\/inside-shopper\/entretien-avec-olivier-dauvers-pour-parler-du-monde-dapres\/\" \/>\n<meta property=\"og:locale\" content=\"fr_FR\" \/>\n<meta property=\"og:type\" content=\"article\" \/>\n<meta property=\"og:title\" content=\"Entretien avec Olivier Dauvers, journaliste, expert en retail et fondateur du site &quot;Le Web Grande Conso&quot; pour parler du monde d&#039;apr\u00e8s - inside-shopper\" \/>\n<meta property=\"og:description\" content=\"Interview d&#039;Olivier Dauvers sur sa vision de la crise et de l&#039;apr\u00e8s crise dans le retail.\" \/>\n<meta property=\"og:url\" content=\"https:\/\/www.agence-bradford.com\/inside-shopper\/entretien-avec-olivier-dauvers-pour-parler-du-monde-dapres\/\" \/>\n<meta property=\"og:site_name\" content=\"inside-shopper\" \/>\n<meta property=\"article:published_time\" content=\"2020-04-10T09:30:39+00:00\" \/>\n<meta property=\"article:modified_time\" content=\"2025-11-05T10:22:30+00:00\" \/>\n<meta property=\"og:image\" content=\"https:\/\/www.agence-bradford.com\/inside-shopper\/wp-content\/uploads\/2020\/04\/Dauvers-template.jpg\" \/>\n\t<meta property=\"og:image:width\" content=\"720\" \/>\n\t<meta property=\"og:image:height\" content=\"960\" \/>\n\t<meta property=\"og:image:type\" content=\"image\/jpeg\" \/>\n<meta name=\"author\" content=\"Bruno Yves\" \/>\n<meta name=\"twitter:card\" content=\"summary_large_image\" \/>\n<meta name=\"twitter:label1\" content=\"\u00c9crit par\" \/>\n\t<meta name=\"twitter:data1\" content=\"Bruno Yves\" \/>\n\t<meta name=\"twitter:label2\" content=\"Dur\u00e9e de lecture estim\u00e9e\" \/>\n\t<meta name=\"twitter:data2\" content=\"7 minutes\" \/>\n<script type=\"application\/ld+json\" class=\"yoast-schema-graph\">{\"@context\":\"https:\\\/\\\/schema.org\",\"@graph\":[{\"@type\":\"Article\",\"@id\":\"https:\\\/\\\/www.agence-bradford.com\\\/inside-shopper\\\/entretien-avec-olivier-dauvers-pour-parler-du-monde-dapres\\\/#article\",\"isPartOf\":{\"@id\":\"https:\\\/\\\/www.agence-bradford.com\\\/inside-shopper\\\/entretien-avec-olivier-dauvers-pour-parler-du-monde-dapres\\\/\"},\"author\":{\"name\":\"Bruno Yves\",\"@id\":\"https:\\\/\\\/www.agence-bradford.com\\\/inside-shopper\\\/#\\\/schema\\\/person\\\/0a740d805a92237b795343bd180120c6\"},\"headline\":\"Entretien avec Olivier Dauvers, journaliste, expert en retail et fondateur du site \u00ab\u00a0Le Web Grande Conso\u00a0\u00bb pour parler du monde d&rsquo;apr\u00e8s\",\"datePublished\":\"2020-04-10T09:30:39+00:00\",\"dateModified\":\"2025-11-05T10:22:30+00:00\",\"mainEntityOfPage\":{\"@id\":\"https:\\\/\\\/www.agence-bradford.com\\\/inside-shopper\\\/entretien-avec-olivier-dauvers-pour-parler-du-monde-dapres\\\/\"},\"wordCount\":1330,\"commentCount\":0,\"image\":{\"@id\":\"https:\\\/\\\/www.agence-bradford.com\\\/inside-shopper\\\/entretien-avec-olivier-dauvers-pour-parler-du-monde-dapres\\\/#primaryimage\"},\"thumbnailUrl\":\"https:\\\/\\\/www.agence-bradford.com\\\/inside-shopper\\\/wp-content\\\/uploads\\\/2020\\\/04\\\/Dauvers-template.jpg\",\"keywords\":[\"Auchan\",\"caisses\",\"carrefour\",\"changement\",\"commerce\",\"confinement\",\"consommateurs\",\"consommation\",\"covid19\",\"crise\",\"gsa\",\"hyper\",\"intermarch\u00e9\",\"olivier dauvers\",\"plexi\",\"prix\",\"rayons\"],\"articleSection\":[\"Monde d'apr\u00e8s, une r\u00e9flexion collective sur la strat\u00e9gie de communication des marques et enseignes\"],\"inLanguage\":\"fr-FR\",\"potentialAction\":[{\"@type\":\"CommentAction\",\"name\":\"Comment\",\"target\":[\"https:\\\/\\\/www.agence-bradford.com\\\/inside-shopper\\\/entretien-avec-olivier-dauvers-pour-parler-du-monde-dapres\\\/#respond\"]}]},{\"@type\":\"WebPage\",\"@id\":\"https:\\\/\\\/www.agence-bradford.com\\\/inside-shopper\\\/entretien-avec-olivier-dauvers-pour-parler-du-monde-dapres\\\/\",\"url\":\"https:\\\/\\\/www.agence-bradford.com\\\/inside-shopper\\\/entretien-avec-olivier-dauvers-pour-parler-du-monde-dapres\\\/\",\"name\":\"Entretien avec Olivier Dauvers, journaliste, expert en retail et fondateur du site \\\"Le Web Grande Conso\\\" pour parler du monde d'apr\u00e8s - inside-shopper\",\"isPartOf\":{\"@id\":\"https:\\\/\\\/www.agence-bradford.com\\\/inside-shopper\\\/#website\"},\"primaryImageOfPage\":{\"@id\":\"https:\\\/\\\/www.agence-bradford.com\\\/inside-shopper\\\/entretien-avec-olivier-dauvers-pour-parler-du-monde-dapres\\\/#primaryimage\"},\"image\":{\"@id\":\"https:\\\/\\\/www.agence-bradford.com\\\/inside-shopper\\\/entretien-avec-olivier-dauvers-pour-parler-du-monde-dapres\\\/#primaryimage\"},\"thumbnailUrl\":\"https:\\\/\\\/www.agence-bradford.com\\\/inside-shopper\\\/wp-content\\\/uploads\\\/2020\\\/04\\\/Dauvers-template.jpg\",\"datePublished\":\"2020-04-10T09:30:39+00:00\",\"dateModified\":\"2025-11-05T10:22:30+00:00\",\"author\":{\"@id\":\"https:\\\/\\\/www.agence-bradford.com\\\/inside-shopper\\\/#\\\/schema\\\/person\\\/0a740d805a92237b795343bd180120c6\"},\"description\":\"Interview d'Olivier Dauvers sur sa vision de la crise et de l'apr\u00e8s crise dans le retail.\",\"breadcrumb\":{\"@id\":\"https:\\\/\\\/www.agence-bradford.com\\\/inside-shopper\\\/entretien-avec-olivier-dauvers-pour-parler-du-monde-dapres\\\/#breadcrumb\"},\"inLanguage\":\"fr-FR\",\"potentialAction\":[{\"@type\":\"ReadAction\",\"target\":[\"https:\\\/\\\/www.agence-bradford.com\\\/inside-shopper\\\/entretien-avec-olivier-dauvers-pour-parler-du-monde-dapres\\\/\"]}]},{\"@type\":\"ImageObject\",\"inLanguage\":\"fr-FR\",\"@id\":\"https:\\\/\\\/www.agence-bradford.com\\\/inside-shopper\\\/entretien-avec-olivier-dauvers-pour-parler-du-monde-dapres\\\/#primaryimage\",\"url\":\"https:\\\/\\\/www.agence-bradford.com\\\/inside-shopper\\\/wp-content\\\/uploads\\\/2020\\\/04\\\/Dauvers-template.jpg\",\"contentUrl\":\"https:\\\/\\\/www.agence-bradford.com\\\/inside-shopper\\\/wp-content\\\/uploads\\\/2020\\\/04\\\/Dauvers-template.jpg\",\"width\":720,\"height\":960,\"caption\":\"Olivier Dauvers crise Covid19\"},{\"@type\":\"BreadcrumbList\",\"@id\":\"https:\\\/\\\/www.agence-bradford.com\\\/inside-shopper\\\/entretien-avec-olivier-dauvers-pour-parler-du-monde-dapres\\\/#breadcrumb\",\"itemListElement\":[{\"@type\":\"ListItem\",\"position\":1,\"name\":\"Accueil\",\"item\":\"https:\\\/\\\/www.agence-bradford.com\\\/inside-shopper\\\/\"},{\"@type\":\"ListItem\",\"position\":2,\"name\":\"Entretien avec Olivier Dauvers, journaliste, expert en retail et fondateur du site \u00ab\u00a0Le Web Grande Conso\u00a0\u00bb pour parler du monde d&rsquo;apr\u00e8s\"}]},{\"@type\":\"WebSite\",\"@id\":\"https:\\\/\\\/www.agence-bradford.com\\\/inside-shopper\\\/#website\",\"url\":\"https:\\\/\\\/www.agence-bradford.com\\\/inside-shopper\\\/\",\"name\":\"inside-shopper\",\"description\":\"Le retail vu par les Shoppers Makers\",\"potentialAction\":[{\"@type\":\"SearchAction\",\"target\":{\"@type\":\"EntryPoint\",\"urlTemplate\":\"https:\\\/\\\/www.agence-bradford.com\\\/inside-shopper\\\/?s={search_term_string}\"},\"query-input\":{\"@type\":\"PropertyValueSpecification\",\"valueRequired\":true,\"valueName\":\"search_term_string\"}}],\"inLanguage\":\"fr-FR\"},{\"@type\":\"Person\",\"@id\":\"https:\\\/\\\/www.agence-bradford.com\\\/inside-shopper\\\/#\\\/schema\\\/person\\\/0a740d805a92237b795343bd180120c6\",\"name\":\"Bruno Yves\",\"image\":{\"@type\":\"ImageObject\",\"inLanguage\":\"fr-FR\",\"@id\":\"https:\\\/\\\/www.agence-bradford.com\\\/inside-shopper\\\/wp-content\\\/uploads\\\/2019\\\/05\\\/bruno-160x160.jpg\",\"url\":\"https:\\\/\\\/www.agence-bradford.com\\\/inside-shopper\\\/wp-content\\\/uploads\\\/2019\\\/05\\\/bruno-160x160.jpg\",\"contentUrl\":\"https:\\\/\\\/www.agence-bradford.com\\\/inside-shopper\\\/wp-content\\\/uploads\\\/2019\\\/05\\\/bruno-160x160.jpg\",\"caption\":\"Bruno Yves\"},\"description\":\"Directeur conseil chez Agence Bradford\",\"sameAs\":[\"https:\\\/\\\/www.linkedin.com\\\/in\\\/bruno-yves-7ba855b\\\/\"],\"url\":\"https:\\\/\\\/www.agence-bradford.com\\\/inside-shopper\\\/author\\\/brubrd2019\\\/\"}]}<\/script>\n<!-- \/ Yoast SEO plugin. -->","yoast_head_json":{"title":"Entretien avec Olivier Dauvers, journaliste, expert en retail et fondateur du site \"Le Web Grande Conso\" pour parler du monde d'apr\u00e8s - inside-shopper","description":"Interview d'Olivier Dauvers sur sa vision de la crise et de l'apr\u00e8s crise dans le retail.","robots":{"index":"index","follow":"follow","max-snippet":"max-snippet:-1","max-image-preview":"max-image-preview:large","max-video-preview":"max-video-preview:-1"},"canonical":"https:\/\/www.agence-bradford.com\/inside-shopper\/entretien-avec-olivier-dauvers-pour-parler-du-monde-dapres\/","og_locale":"fr_FR","og_type":"article","og_title":"Entretien avec Olivier Dauvers, journaliste, expert en retail et fondateur du site \"Le Web Grande Conso\" pour parler du monde d'apr\u00e8s - inside-shopper","og_description":"Interview d'Olivier Dauvers sur sa vision de la crise et de l'apr\u00e8s crise dans le retail.","og_url":"https:\/\/www.agence-bradford.com\/inside-shopper\/entretien-avec-olivier-dauvers-pour-parler-du-monde-dapres\/","og_site_name":"inside-shopper","article_published_time":"2020-04-10T09:30:39+00:00","article_modified_time":"2025-11-05T10:22:30+00:00","og_image":[{"width":720,"height":960,"url":"https:\/\/www.agence-bradford.com\/inside-shopper\/wp-content\/uploads\/2020\/04\/Dauvers-template.jpg","type":"image\/jpeg"}],"author":"Bruno Yves","twitter_card":"summary_large_image","twitter_misc":{"\u00c9crit par":"Bruno Yves","Dur\u00e9e de lecture estim\u00e9e":"7 minutes"},"schema":{"@context":"https:\/\/schema.org","@graph":[{"@type":"Article","@id":"https:\/\/www.agence-bradford.com\/inside-shopper\/entretien-avec-olivier-dauvers-pour-parler-du-monde-dapres\/#article","isPartOf":{"@id":"https:\/\/www.agence-bradford.com\/inside-shopper\/entretien-avec-olivier-dauvers-pour-parler-du-monde-dapres\/"},"author":{"name":"Bruno Yves","@id":"https:\/\/www.agence-bradford.com\/inside-shopper\/#\/schema\/person\/0a740d805a92237b795343bd180120c6"},"headline":"Entretien avec Olivier Dauvers, journaliste, expert en retail et fondateur du site \u00ab\u00a0Le Web Grande Conso\u00a0\u00bb pour parler du monde d&rsquo;apr\u00e8s","datePublished":"2020-04-10T09:30:39+00:00","dateModified":"2025-11-05T10:22:30+00:00","mainEntityOfPage":{"@id":"https:\/\/www.agence-bradford.com\/inside-shopper\/entretien-avec-olivier-dauvers-pour-parler-du-monde-dapres\/"},"wordCount":1330,"commentCount":0,"image":{"@id":"https:\/\/www.agence-bradford.com\/inside-shopper\/entretien-avec-olivier-dauvers-pour-parler-du-monde-dapres\/#primaryimage"},"thumbnailUrl":"https:\/\/www.agence-bradford.com\/inside-shopper\/wp-content\/uploads\/2020\/04\/Dauvers-template.jpg","keywords":["Auchan","caisses","carrefour","changement","commerce","confinement","consommateurs","consommation","covid19","crise","gsa","hyper","intermarch\u00e9","olivier dauvers","plexi","prix","rayons"],"articleSection":["Monde d'apr\u00e8s, une r\u00e9flexion collective sur la strat\u00e9gie de communication des marques et enseignes"],"inLanguage":"fr-FR","potentialAction":[{"@type":"CommentAction","name":"Comment","target":["https:\/\/www.agence-bradford.com\/inside-shopper\/entretien-avec-olivier-dauvers-pour-parler-du-monde-dapres\/#respond"]}]},{"@type":"WebPage","@id":"https:\/\/www.agence-bradford.com\/inside-shopper\/entretien-avec-olivier-dauvers-pour-parler-du-monde-dapres\/","url":"https:\/\/www.agence-bradford.com\/inside-shopper\/entretien-avec-olivier-dauvers-pour-parler-du-monde-dapres\/","name":"Entretien avec Olivier Dauvers, journaliste, expert en retail et fondateur du site \"Le Web Grande Conso\" pour parler du monde d'apr\u00e8s - inside-shopper","isPartOf":{"@id":"https:\/\/www.agence-bradford.com\/inside-shopper\/#website"},"primaryImageOfPage":{"@id":"https:\/\/www.agence-bradford.com\/inside-shopper\/entretien-avec-olivier-dauvers-pour-parler-du-monde-dapres\/#primaryimage"},"image":{"@id":"https:\/\/www.agence-bradford.com\/inside-shopper\/entretien-avec-olivier-dauvers-pour-parler-du-monde-dapres\/#primaryimage"},"thumbnailUrl":"https:\/\/www.agence-bradford.com\/inside-shopper\/wp-content\/uploads\/2020\/04\/Dauvers-template.jpg","datePublished":"2020-04-10T09:30:39+00:00","dateModified":"2025-11-05T10:22:30+00:00","author":{"@id":"https:\/\/www.agence-bradford.com\/inside-shopper\/#\/schema\/person\/0a740d805a92237b795343bd180120c6"},"description":"Interview d'Olivier Dauvers sur sa vision de la crise et de l'apr\u00e8s crise dans le retail.","breadcrumb":{"@id":"https:\/\/www.agence-bradford.com\/inside-shopper\/entretien-avec-olivier-dauvers-pour-parler-du-monde-dapres\/#breadcrumb"},"inLanguage":"fr-FR","potentialAction":[{"@type":"ReadAction","target":["https:\/\/www.agence-bradford.com\/inside-shopper\/entretien-avec-olivier-dauvers-pour-parler-du-monde-dapres\/"]}]},{"@type":"ImageObject","inLanguage":"fr-FR","@id":"https:\/\/www.agence-bradford.com\/inside-shopper\/entretien-avec-olivier-dauvers-pour-parler-du-monde-dapres\/#primaryimage","url":"https:\/\/www.agence-bradford.com\/inside-shopper\/wp-content\/uploads\/2020\/04\/Dauvers-template.jpg","contentUrl":"https:\/\/www.agence-bradford.com\/inside-shopper\/wp-content\/uploads\/2020\/04\/Dauvers-template.jpg","width":720,"height":960,"caption":"Olivier Dauvers crise Covid19"},{"@type":"BreadcrumbList","@id":"https:\/\/www.agence-bradford.com\/inside-shopper\/entretien-avec-olivier-dauvers-pour-parler-du-monde-dapres\/#breadcrumb","itemListElement":[{"@type":"ListItem","position":1,"name":"Accueil","item":"https:\/\/www.agence-bradford.com\/inside-shopper\/"},{"@type":"ListItem","position":2,"name":"Entretien avec Olivier Dauvers, journaliste, expert en retail et fondateur du site \u00ab\u00a0Le Web Grande Conso\u00a0\u00bb pour parler du monde d&rsquo;apr\u00e8s"}]},{"@type":"WebSite","@id":"https:\/\/www.agence-bradford.com\/inside-shopper\/#website","url":"https:\/\/www.agence-bradford.com\/inside-shopper\/","name":"inside-shopper","description":"Le retail vu par les Shoppers Makers","potentialAction":[{"@type":"SearchAction","target":{"@type":"EntryPoint","urlTemplate":"https:\/\/www.agence-bradford.com\/inside-shopper\/?s={search_term_string}"},"query-input":{"@type":"PropertyValueSpecification","valueRequired":true,"valueName":"search_term_string"}}],"inLanguage":"fr-FR"},{"@type":"Person","@id":"https:\/\/www.agence-bradford.com\/inside-shopper\/#\/schema\/person\/0a740d805a92237b795343bd180120c6","name":"Bruno Yves","image":{"@type":"ImageObject","inLanguage":"fr-FR","@id":"https:\/\/www.agence-bradford.com\/inside-shopper\/wp-content\/uploads\/2019\/05\/bruno-160x160.jpg","url":"https:\/\/www.agence-bradford.com\/inside-shopper\/wp-content\/uploads\/2019\/05\/bruno-160x160.jpg","contentUrl":"https:\/\/www.agence-bradford.com\/inside-shopper\/wp-content\/uploads\/2019\/05\/bruno-160x160.jpg","caption":"Bruno Yves"},"description":"Directeur conseil chez Agence Bradford","sameAs":["https:\/\/www.linkedin.com\/in\/bruno-yves-7ba855b\/"],"url":"https:\/\/www.agence-bradford.com\/inside-shopper\/author\/brubrd2019\/"}]}},"_links":{"self":[{"href":"https:\/\/www.agence-bradford.com\/inside-shopper\/wp-json\/wp\/v2\/posts\/11090","targetHints":{"allow":["GET"]}}],"collection":[{"href":"https:\/\/www.agence-bradford.com\/inside-shopper\/wp-json\/wp\/v2\/posts"}],"about":[{"href":"https:\/\/www.agence-bradford.com\/inside-shopper\/wp-json\/wp\/v2\/types\/post"}],"author":[{"embeddable":true,"href":"https:\/\/www.agence-bradford.com\/inside-shopper\/wp-json\/wp\/v2\/users\/4"}],"replies":[{"embeddable":true,"href":"https:\/\/www.agence-bradford.com\/inside-shopper\/wp-json\/wp\/v2\/comments?post=11090"}],"version-history":[{"count":13,"href":"https:\/\/www.agence-bradford.com\/inside-shopper\/wp-json\/wp\/v2\/posts\/11090\/revisions"}],"predecessor-version":[{"id":12872,"href":"https:\/\/www.agence-bradford.com\/inside-shopper\/wp-json\/wp\/v2\/posts\/11090\/revisions\/12872"}],"wp:featuredmedia":[{"embeddable":true,"href":"https:\/\/www.agence-bradford.com\/inside-shopper\/wp-json\/wp\/v2\/media\/11100"}],"wp:attachment":[{"href":"https:\/\/www.agence-bradford.com\/inside-shopper\/wp-json\/wp\/v2\/media?parent=11090"}],"wp:term":[{"taxonomy":"category","embeddable":true,"href":"https:\/\/www.agence-bradford.com\/inside-shopper\/wp-json\/wp\/v2\/categories?post=11090"},{"taxonomy":"post_tag","embeddable":true,"href":"https:\/\/www.agence-bradford.com\/inside-shopper\/wp-json\/wp\/v2\/tags?post=11090"},{"taxonomy":"powerkit_post_featured","embeddable":true,"href":"https:\/\/www.agence-bradford.com\/inside-shopper\/wp-json\/wp\/v2\/powerkit_post_featured?post=11090"}],"curies":[{"name":"wp","href":"https:\/\/api.w.org\/{rel}","templated":true}]}}