{"id":956,"date":"2019-05-27T16:49:39","date_gmt":"2019-05-27T14:49:39","guid":{"rendered":"https:\/\/www.agence-bradford.com\/inside-shopper\/?p=956"},"modified":"2019-07-02T15:45:10","modified_gmt":"2019-07-02T13:45:10","slug":"conference-olivier-dauvers","status":"publish","type":"post","link":"https:\/\/www.agence-bradford.com\/inside-shopper\/conference-olivier-dauvers\/","title":{"rendered":"Conf\u00e9rence Olivier Dauvers"},"content":{"rendered":"<h2 id=\"pourquoi-le-commerce-va-mal\">Pourquoi le commerce va mal ?<\/h2>\n<p>Le 21 mars, Bradford avait invit\u00e9 Olivier Dauvers pour partager avec une soixantaine d\u2019invit\u00e9s, son analyse des diff\u00e9rents sujets qui animent le monde du retail.<\/p>\n<p>Une conf\u00e9rence passionnante, o\u00f9 le journaliste, avec le franc-parler qu\u2019on lui connait, a bross\u00e9 un \u00e9tat des lieux sans concession mais aussi donn\u00e9 quelques pistes de r\u00e9flexion.<\/p>\n<p>D\u00e9couvrez en int\u00e9gralit\u00e9 le podcast de la conf\u00e9rence.<\/p>\n<p><iframe loading=\"lazy\" src=\"https:\/\/www.youtube.com\/embed\/44xfygAWoxk\" width=\"560\" height=\"315\" frameborder=\"0\" allowfullscreen=\"allowfullscreen\"><\/iframe><\/p>\n","protected":false},"excerpt":{"rendered":"<div class=\"post-excerpt\">Pourquoi le commerce va mal ? Le 21 mars, Bradford avait invit\u00e9 Olivier Dauvers pour partager avec une soixantaine d\u2019invit\u00e9s, son analyse des diff\u00e9rents sujets qui animent le monde du&hellip;<\/div>\n","protected":false},"author":3,"featured_media":996,"comment_status":"open","ping_status":"open","sticky":false,"template":"","format":"standard","meta":{"_acf_changed":false,"footnotes":""},"categories":[8],"tags":[72,73],"powerkit_post_featured":[2],"class_list":{"0":"post-956","1":"post","2":"type-post","3":"status-publish","4":"format-standard","5":"has-post-thumbnail","7":"category-la-story-de-lagence","8":"tag-conference","9":"tag-retail"},"acf":[],"yoast_head":"<!-- This site is optimized with the Yoast SEO plugin v27.5 - https:\/\/yoast.com\/product\/yoast-seo-wordpress\/ -->\n<title>Conf\u00e9rence Olivier Dauvers - inside-shopper<\/title>\n<meta name=\"description\" content=\"Pourquoi le commerce va mal ? Retrouvez la conf\u00e9rence de l&#039;Agence BRADFORD avec Olivier Dauvers. Analyse des sujets qui animent le monde du retail.\" \/>\n<meta name=\"robots\" content=\"index, follow, max-snippet:-1, max-image-preview:large, max-video-preview:-1\" \/>\n<link rel=\"canonical\" href=\"https:\/\/www.agence-bradford.com\/inside-shopper\/conference-olivier-dauvers\/\" \/>\n<meta property=\"og:locale\" content=\"fr_FR\" \/>\n<meta property=\"og:type\" content=\"article\" \/>\n<meta property=\"og:title\" content=\"Conf\u00e9rence Olivier Dauvers - inside-shopper\" \/>\n<meta property=\"og:description\" content=\"Pourquoi le commerce va mal ? Retrouvez la conf\u00e9rence de l&#039;Agence BRADFORD avec Olivier Dauvers. Analyse des sujets qui animent le monde du retail.\" \/>\n<meta property=\"og:url\" content=\"https:\/\/www.agence-bradford.com\/inside-shopper\/conference-olivier-dauvers\/\" \/>\n<meta property=\"og:site_name\" content=\"inside-shopper\" \/>\n<meta property=\"article:published_time\" content=\"2019-05-27T14:49:39+00:00\" \/>\n<meta property=\"article:modified_time\" content=\"2019-07-02T13:45:10+00:00\" \/>\n<meta property=\"og:image\" content=\"https:\/\/www.agence-bradford.com\/inside-shopper\/wp-content\/uploads\/2019\/05\/olivier-dauvers-commerce-retail4-1.jpg\" \/>\n\t<meta property=\"og:image:width\" content=\"4722\" \/>\n\t<meta property=\"og:image:height\" content=\"2632\" \/>\n\t<meta property=\"og:image:type\" content=\"image\/jpeg\" \/>\n<meta name=\"author\" content=\"Marie Laure Moniez\" \/>\n<meta name=\"twitter:card\" content=\"summary_large_image\" \/>\n<meta name=\"twitter:creator\" content=\"@https:\/\/twitter.com\/mlmoniez\" \/>\n<meta name=\"twitter:label1\" content=\"\u00c9crit par\" \/>\n\t<meta name=\"twitter:data1\" content=\"Marie Laure Moniez\" \/>\n<script type=\"application\/ld+json\" class=\"yoast-schema-graph\">{\"@context\":\"https:\\\/\\\/schema.org\",\"@graph\":[{\"@type\":\"Article\",\"@id\":\"https:\\\/\\\/www.agence-bradford.com\\\/inside-shopper\\\/conference-olivier-dauvers\\\/#article\",\"isPartOf\":{\"@id\":\"https:\\\/\\\/www.agence-bradford.com\\\/inside-shopper\\\/conference-olivier-dauvers\\\/\"},\"author\":{\"name\":\"Marie Laure Moniez\",\"@id\":\"https:\\\/\\\/www.agence-bradford.com\\\/inside-shopper\\\/#\\\/schema\\\/person\\\/37f1ffa4dcea8179d1f041fc3989a243\"},\"headline\":\"Conf\u00e9rence Olivier Dauvers\",\"datePublished\":\"2019-05-27T14:49:39+00:00\",\"dateModified\":\"2019-07-02T13:45:10+00:00\",\"mainEntityOfPage\":{\"@id\":\"https:\\\/\\\/www.agence-bradford.com\\\/inside-shopper\\\/conference-olivier-dauvers\\\/\"},\"wordCount\":77,\"commentCount\":0,\"image\":{\"@id\":\"https:\\\/\\\/www.agence-bradford.com\\\/inside-shopper\\\/conference-olivier-dauvers\\\/#primaryimage\"},\"thumbnailUrl\":\"https:\\\/\\\/www.agence-bradford.com\\\/inside-shopper\\\/wp-content\\\/uploads\\\/2019\\\/05\\\/olivier-dauvers-commerce-retail4-1.jpg\",\"keywords\":[\"Conf\u00e9rence\",\"retail\"],\"articleSection\":[\"La story de l\u2019agence\"],\"inLanguage\":\"fr-FR\",\"potentialAction\":[{\"@type\":\"CommentAction\",\"name\":\"Comment\",\"target\":[\"https:\\\/\\\/www.agence-bradford.com\\\/inside-shopper\\\/conference-olivier-dauvers\\\/#respond\"]}]},{\"@type\":\"WebPage\",\"@id\":\"https:\\\/\\\/www.agence-bradford.com\\\/inside-shopper\\\/conference-olivier-dauvers\\\/\",\"url\":\"https:\\\/\\\/www.agence-bradford.com\\\/inside-shopper\\\/conference-olivier-dauvers\\\/\",\"name\":\"Conf\u00e9rence Olivier Dauvers - inside-shopper\",\"isPartOf\":{\"@id\":\"https:\\\/\\\/www.agence-bradford.com\\\/inside-shopper\\\/#website\"},\"primaryImageOfPage\":{\"@id\":\"https:\\\/\\\/www.agence-bradford.com\\\/inside-shopper\\\/conference-olivier-dauvers\\\/#primaryimage\"},\"image\":{\"@id\":\"https:\\\/\\\/www.agence-bradford.com\\\/inside-shopper\\\/conference-olivier-dauvers\\\/#primaryimage\"},\"thumbnailUrl\":\"https:\\\/\\\/www.agence-bradford.com\\\/inside-shopper\\\/wp-content\\\/uploads\\\/2019\\\/05\\\/olivier-dauvers-commerce-retail4-1.jpg\",\"datePublished\":\"2019-05-27T14:49:39+00:00\",\"dateModified\":\"2019-07-02T13:45:10+00:00\",\"author\":{\"@id\":\"https:\\\/\\\/www.agence-bradford.com\\\/inside-shopper\\\/#\\\/schema\\\/person\\\/37f1ffa4dcea8179d1f041fc3989a243\"},\"description\":\"Pourquoi le commerce va mal ? Retrouvez la conf\u00e9rence de l'Agence BRADFORD avec Olivier Dauvers. Analyse des sujets qui animent le monde du retail.\",\"breadcrumb\":{\"@id\":\"https:\\\/\\\/www.agence-bradford.com\\\/inside-shopper\\\/conference-olivier-dauvers\\\/#breadcrumb\"},\"inLanguage\":\"fr-FR\",\"potentialAction\":[{\"@type\":\"ReadAction\",\"target\":[\"https:\\\/\\\/www.agence-bradford.com\\\/inside-shopper\\\/conference-olivier-dauvers\\\/\"]}]},{\"@type\":\"ImageObject\",\"inLanguage\":\"fr-FR\",\"@id\":\"https:\\\/\\\/www.agence-bradford.com\\\/inside-shopper\\\/conference-olivier-dauvers\\\/#primaryimage\",\"url\":\"https:\\\/\\\/www.agence-bradford.com\\\/inside-shopper\\\/wp-content\\\/uploads\\\/2019\\\/05\\\/olivier-dauvers-commerce-retail4-1.jpg\",\"contentUrl\":\"https:\\\/\\\/www.agence-bradford.com\\\/inside-shopper\\\/wp-content\\\/uploads\\\/2019\\\/05\\\/olivier-dauvers-commerce-retail4-1.jpg\",\"width\":4722,\"height\":2632,\"caption\":\"olivier dauvers pourquoi le commerce va mal ? retail.\"},{\"@type\":\"BreadcrumbList\",\"@id\":\"https:\\\/\\\/www.agence-bradford.com\\\/inside-shopper\\\/conference-olivier-dauvers\\\/#breadcrumb\",\"itemListElement\":[{\"@type\":\"ListItem\",\"position\":1,\"name\":\"Accueil\",\"item\":\"https:\\\/\\\/www.agence-bradford.com\\\/inside-shopper\\\/\"},{\"@type\":\"ListItem\",\"position\":2,\"name\":\"Conf\u00e9rence Olivier Dauvers\"}]},{\"@type\":\"WebSite\",\"@id\":\"https:\\\/\\\/www.agence-bradford.com\\\/inside-shopper\\\/#website\",\"url\":\"https:\\\/\\\/www.agence-bradford.com\\\/inside-shopper\\\/\",\"name\":\"inside-shopper\",\"description\":\"Le retail vu par les Shoppers Makers\",\"potentialAction\":[{\"@type\":\"SearchAction\",\"target\":{\"@type\":\"EntryPoint\",\"urlTemplate\":\"https:\\\/\\\/www.agence-bradford.com\\\/inside-shopper\\\/?s={search_term_string}\"},\"query-input\":{\"@type\":\"PropertyValueSpecification\",\"valueRequired\":true,\"valueName\":\"search_term_string\"}}],\"inLanguage\":\"fr-FR\"},{\"@type\":\"Person\",\"@id\":\"https:\\\/\\\/www.agence-bradford.com\\\/inside-shopper\\\/#\\\/schema\\\/person\\\/37f1ffa4dcea8179d1f041fc3989a243\",\"name\":\"Marie Laure Moniez\",\"image\":{\"@type\":\"ImageObject\",\"inLanguage\":\"fr-FR\",\"@id\":\"https:\\\/\\\/www.agence-bradford.com\\\/inside-shopper\\\/wp-content\\\/uploads\\\/2019\\\/05\\\/Marie-Laure-Moniez-160x160.jpg\",\"url\":\"https:\\\/\\\/www.agence-bradford.com\\\/inside-shopper\\\/wp-content\\\/uploads\\\/2019\\\/05\\\/Marie-Laure-Moniez-160x160.jpg\",\"contentUrl\":\"https:\\\/\\\/www.agence-bradford.com\\\/inside-shopper\\\/wp-content\\\/uploads\\\/2019\\\/05\\\/Marie-Laure-Moniez-160x160.jpg\",\"caption\":\"Marie Laure Moniez\"},\"description\":\"Directrice conseil chez Agence Bradford\",\"sameAs\":[\"https:\\\/\\\/www.linkedin.com\\\/in\\\/marie-laure-moniez-25209414\\\/\",\"https:\\\/\\\/x.com\\\/https:\\\/\\\/twitter.com\\\/mlmoniez\"],\"url\":\"https:\\\/\\\/www.agence-bradford.com\\\/inside-shopper\\\/author\\\/mariebrd2019\\\/\"}]}<\/script>\n<!-- \/ Yoast SEO plugin. -->","yoast_head_json":{"title":"Conf\u00e9rence Olivier Dauvers - inside-shopper","description":"Pourquoi le commerce va mal ? Retrouvez la conf\u00e9rence de l'Agence BRADFORD avec Olivier Dauvers. Analyse des sujets qui animent le monde du retail.","robots":{"index":"index","follow":"follow","max-snippet":"max-snippet:-1","max-image-preview":"max-image-preview:large","max-video-preview":"max-video-preview:-1"},"canonical":"https:\/\/www.agence-bradford.com\/inside-shopper\/conference-olivier-dauvers\/","og_locale":"fr_FR","og_type":"article","og_title":"Conf\u00e9rence Olivier Dauvers - inside-shopper","og_description":"Pourquoi le commerce va mal ? Retrouvez la conf\u00e9rence de l'Agence BRADFORD avec Olivier Dauvers. Analyse des sujets qui animent le monde du retail.","og_url":"https:\/\/www.agence-bradford.com\/inside-shopper\/conference-olivier-dauvers\/","og_site_name":"inside-shopper","article_published_time":"2019-05-27T14:49:39+00:00","article_modified_time":"2019-07-02T13:45:10+00:00","og_image":[{"width":4722,"height":2632,"url":"https:\/\/www.agence-bradford.com\/inside-shopper\/wp-content\/uploads\/2019\/05\/olivier-dauvers-commerce-retail4-1.jpg","type":"image\/jpeg"}],"author":"Marie Laure Moniez","twitter_card":"summary_large_image","twitter_creator":"@https:\/\/twitter.com\/mlmoniez","twitter_misc":{"\u00c9crit par":"Marie Laure Moniez"},"schema":{"@context":"https:\/\/schema.org","@graph":[{"@type":"Article","@id":"https:\/\/www.agence-bradford.com\/inside-shopper\/conference-olivier-dauvers\/#article","isPartOf":{"@id":"https:\/\/www.agence-bradford.com\/inside-shopper\/conference-olivier-dauvers\/"},"author":{"name":"Marie Laure Moniez","@id":"https:\/\/www.agence-bradford.com\/inside-shopper\/#\/schema\/person\/37f1ffa4dcea8179d1f041fc3989a243"},"headline":"Conf\u00e9rence Olivier Dauvers","datePublished":"2019-05-27T14:49:39+00:00","dateModified":"2019-07-02T13:45:10+00:00","mainEntityOfPage":{"@id":"https:\/\/www.agence-bradford.com\/inside-shopper\/conference-olivier-dauvers\/"},"wordCount":77,"commentCount":0,"image":{"@id":"https:\/\/www.agence-bradford.com\/inside-shopper\/conference-olivier-dauvers\/#primaryimage"},"thumbnailUrl":"https:\/\/www.agence-bradford.com\/inside-shopper\/wp-content\/uploads\/2019\/05\/olivier-dauvers-commerce-retail4-1.jpg","keywords":["Conf\u00e9rence","retail"],"articleSection":["La story de l\u2019agence"],"inLanguage":"fr-FR","potentialAction":[{"@type":"CommentAction","name":"Comment","target":["https:\/\/www.agence-bradford.com\/inside-shopper\/conference-olivier-dauvers\/#respond"]}]},{"@type":"WebPage","@id":"https:\/\/www.agence-bradford.com\/inside-shopper\/conference-olivier-dauvers\/","url":"https:\/\/www.agence-bradford.com\/inside-shopper\/conference-olivier-dauvers\/","name":"Conf\u00e9rence Olivier Dauvers - inside-shopper","isPartOf":{"@id":"https:\/\/www.agence-bradford.com\/inside-shopper\/#website"},"primaryImageOfPage":{"@id":"https:\/\/www.agence-bradford.com\/inside-shopper\/conference-olivier-dauvers\/#primaryimage"},"image":{"@id":"https:\/\/www.agence-bradford.com\/inside-shopper\/conference-olivier-dauvers\/#primaryimage"},"thumbnailUrl":"https:\/\/www.agence-bradford.com\/inside-shopper\/wp-content\/uploads\/2019\/05\/olivier-dauvers-commerce-retail4-1.jpg","datePublished":"2019-05-27T14:49:39+00:00","dateModified":"2019-07-02T13:45:10+00:00","author":{"@id":"https:\/\/www.agence-bradford.com\/inside-shopper\/#\/schema\/person\/37f1ffa4dcea8179d1f041fc3989a243"},"description":"Pourquoi le commerce va mal ? Retrouvez la conf\u00e9rence de l'Agence BRADFORD avec Olivier Dauvers. Analyse des sujets qui animent le monde du retail.","breadcrumb":{"@id":"https:\/\/www.agence-bradford.com\/inside-shopper\/conference-olivier-dauvers\/#breadcrumb"},"inLanguage":"fr-FR","potentialAction":[{"@type":"ReadAction","target":["https:\/\/www.agence-bradford.com\/inside-shopper\/conference-olivier-dauvers\/"]}]},{"@type":"ImageObject","inLanguage":"fr-FR","@id":"https:\/\/www.agence-bradford.com\/inside-shopper\/conference-olivier-dauvers\/#primaryimage","url":"https:\/\/www.agence-bradford.com\/inside-shopper\/wp-content\/uploads\/2019\/05\/olivier-dauvers-commerce-retail4-1.jpg","contentUrl":"https:\/\/www.agence-bradford.com\/inside-shopper\/wp-content\/uploads\/2019\/05\/olivier-dauvers-commerce-retail4-1.jpg","width":4722,"height":2632,"caption":"olivier dauvers pourquoi le commerce va mal ? retail."},{"@type":"BreadcrumbList","@id":"https:\/\/www.agence-bradford.com\/inside-shopper\/conference-olivier-dauvers\/#breadcrumb","itemListElement":[{"@type":"ListItem","position":1,"name":"Accueil","item":"https:\/\/www.agence-bradford.com\/inside-shopper\/"},{"@type":"ListItem","position":2,"name":"Conf\u00e9rence Olivier Dauvers"}]},{"@type":"WebSite","@id":"https:\/\/www.agence-bradford.com\/inside-shopper\/#website","url":"https:\/\/www.agence-bradford.com\/inside-shopper\/","name":"inside-shopper","description":"Le retail vu par les Shoppers Makers","potentialAction":[{"@type":"SearchAction","target":{"@type":"EntryPoint","urlTemplate":"https:\/\/www.agence-bradford.com\/inside-shopper\/?s={search_term_string}"},"query-input":{"@type":"PropertyValueSpecification","valueRequired":true,"valueName":"search_term_string"}}],"inLanguage":"fr-FR"},{"@type":"Person","@id":"https:\/\/www.agence-bradford.com\/inside-shopper\/#\/schema\/person\/37f1ffa4dcea8179d1f041fc3989a243","name":"Marie Laure Moniez","image":{"@type":"ImageObject","inLanguage":"fr-FR","@id":"https:\/\/www.agence-bradford.com\/inside-shopper\/wp-content\/uploads\/2019\/05\/Marie-Laure-Moniez-160x160.jpg","url":"https:\/\/www.agence-bradford.com\/inside-shopper\/wp-content\/uploads\/2019\/05\/Marie-Laure-Moniez-160x160.jpg","contentUrl":"https:\/\/www.agence-bradford.com\/inside-shopper\/wp-content\/uploads\/2019\/05\/Marie-Laure-Moniez-160x160.jpg","caption":"Marie Laure Moniez"},"description":"Directrice conseil chez Agence Bradford","sameAs":["https:\/\/www.linkedin.com\/in\/marie-laure-moniez-25209414\/","https:\/\/x.com\/https:\/\/twitter.com\/mlmoniez"],"url":"https:\/\/www.agence-bradford.com\/inside-shopper\/author\/mariebrd2019\/"}]}},"_links":{"self":[{"href":"https:\/\/www.agence-bradford.com\/inside-shopper\/wp-json\/wp\/v2\/posts\/956","targetHints":{"allow":["GET"]}}],"collection":[{"href":"https:\/\/www.agence-bradford.com\/inside-shopper\/wp-json\/wp\/v2\/posts"}],"about":[{"href":"https:\/\/www.agence-bradford.com\/inside-shopper\/wp-json\/wp\/v2\/types\/post"}],"author":[{"embeddable":true,"href":"https:\/\/www.agence-bradford.com\/inside-shopper\/wp-json\/wp\/v2\/users\/3"}],"replies":[{"embeddable":true,"href":"https:\/\/www.agence-bradford.com\/inside-shopper\/wp-json\/wp\/v2\/comments?post=956"}],"version-history":[{"count":12,"href":"https:\/\/www.agence-bradford.com\/inside-shopper\/wp-json\/wp\/v2\/posts\/956\/revisions"}],"predecessor-version":[{"id":1220,"href":"https:\/\/www.agence-bradford.com\/inside-shopper\/wp-json\/wp\/v2\/posts\/956\/revisions\/1220"}],"wp:featuredmedia":[{"embeddable":true,"href":"https:\/\/www.agence-bradford.com\/inside-shopper\/wp-json\/wp\/v2\/media\/996"}],"wp:attachment":[{"href":"https:\/\/www.agence-bradford.com\/inside-shopper\/wp-json\/wp\/v2\/media?parent=956"}],"wp:term":[{"taxonomy":"category","embeddable":true,"href":"https:\/\/www.agence-bradford.com\/inside-shopper\/wp-json\/wp\/v2\/categories?post=956"},{"taxonomy":"post_tag","embeddable":true,"href":"https:\/\/www.agence-bradford.com\/inside-shopper\/wp-json\/wp\/v2\/tags?post=956"},{"taxonomy":"powerkit_post_featured","embeddable":true,"href":"https:\/\/www.agence-bradford.com\/inside-shopper\/wp-json\/wp\/v2\/powerkit_post_featured?post=956"}],"curies":[{"name":"wp","href":"https:\/\/api.w.org\/{rel}","templated":true}]}}